{"id":26369,"date":"2025-04-17T12:24:21","date_gmt":"2025-04-17T10:24:21","guid":{"rendered":"https:\/\/www.literaturundoeffentlichkeit.phil.fau.de\/?p=26369"},"modified":"2025-05-12T08:43:14","modified_gmt":"2025-05-12T06:43:14","slug":"ruth-klueger-forum-06-mai-2025-gastvortrag-von-prof-dr-johannes-voelz","status":"publish","type":"post","link":"https:\/\/www.literaturundoeffentlichkeit.phil.fau.de\/en\/2025\/04\/17\/ruth-klueger-forum-06-mai-2025-gastvortrag-von-prof-dr-johannes-voelz\/","title":{"rendered":"Ruth-Kl\u00fcger-Forum May 6, 2025: Guest Lecture by Prof. Dr. Johannes V\u00f6lz"},"content":{"rendered":"\n<p>Prof. Dr. Johannes V\u00f6lz (Goethe-Universit\u00e4t Frankfurt) will be our guest in the next RKF on May 6, 2025, 2:00-3:30 p.m. (01.053 PSG II, Kochstra\u00dfe 4). His lecture is called &#8220;Sheila Heti and the Structural Transformation of the Private Sphere&#8221;.<\/p>\n\n\n\n<p><\/p>\n","protected":false},"excerpt":{"rendered":"<p>Prof. Dr. Johannes V\u00f6lz (Goethe-Universit\u00e4t Frankfurt) will be our guest in the next RKF on May 6, 2025, 2:00-3:30 p.m. (01.053 PSG II, Kochstra\u00dfe 4). His lecture is called &#8220;Sheila Heti and the Structural Transformation of the Private Sphere&#8221;.<\/p>\n","protected":false},"author":5170,"featured_media":0,"comment_status":"closed","ping_status":"closed","sticky":false,"template":"","format":"standard","meta":{"_rrze_cache":"enabled","rrze_autoshare_bluesky_enabled":false,"rrze_autoshare_mastodon_enabled":false,"rrze_autoshare_twitter_enabled":false,"expiration_date":"","expiration_date_gmt":"","expiration_enabled":false,"_rrze_multilang_single_locale":"en_US","_rrze_multilang_single_source":"https:\/\/www.literaturundoeffentlichkeit.phil.fau.de\/?p=26367","footnotes":""},"categories":[1,117,43],"tags":[],"workflow_usergroup":[],"class_list":["post-26369","post","type-post","status-publish","format-standard","hentry","category-aktuelles","category-ruthkluegerforum","category-vortrag","en-US"],"_links":{"self":[{"href":"https:\/\/www.literaturundoeffentlichkeit.phil.fau.de\/wp-json\/wp\/v2\/posts\/26369","targetHints":{"allow":["GET"]}}],"collection":[{"href":"https:\/\/www.literaturundoeffentlichkeit.phil.fau.de\/wp-json\/wp\/v2\/posts"}],"about":[{"href":"https:\/\/www.literaturundoeffentlichkeit.phil.fau.de\/wp-json\/wp\/v2\/types\/post"}],"author":[{"embeddable":true,"href":"https:\/\/www.literaturundoeffentlichkeit.phil.fau.de\/wp-json\/wp\/v2\/users\/5170"}],"replies":[{"embeddable":true,"href":"https:\/\/www.literaturundoeffentlichkeit.phil.fau.de\/wp-json\/wp\/v2\/comments?post=26369"}],"version-history":[{"count":6,"href":"https:\/\/www.literaturundoeffentlichkeit.phil.fau.de\/wp-json\/wp\/v2\/posts\/26369\/revisions"}],"predecessor-version":[{"id":26556,"href":"https:\/\/www.literaturundoeffentlichkeit.phil.fau.de\/wp-json\/wp\/v2\/posts\/26369\/revisions\/26556"}],"wp:attachment":[{"href":"https:\/\/www.literaturundoeffentlichkeit.phil.fau.de\/wp-json\/wp\/v2\/media?parent=26369"}],"wp:term":[{"taxonomy":"category","embeddable":true,"href":"https:\/\/www.literaturundoeffentlichkeit.phil.fau.de\/wp-json\/wp\/v2\/categories?post=26369"},{"taxonomy":"post_tag","embeddable":true,"href":"https:\/\/www.literaturundoeffentlichkeit.phil.fau.de\/wp-json\/wp\/v2\/tags?post=26369"},{"taxonomy":"workflow_usergroup","embeddable":true,"href":"https:\/\/www.literaturundoeffentlichkeit.phil.fau.de\/wp-json\/wp\/v2\/workflow_usergroup?post=26369"}],"curies":[{"name":"wp","href":"https:\/\/api.w.org\/{rel}","templated":true}]}}